{"id":309,"date":"2019-09-12T22:17:00","date_gmt":"2019-09-12T22:17:00","guid":{"rendered":"http:\/\/xn--fechten-in-rsrath-b0b.de\/?p=309"},"modified":"2020-01-02T22:22:59","modified_gmt":"2020-01-02T22:22:59","slug":"2019-09-12_grillfest-zur-eroeffnung-der-saison","status":"publish","type":"post","link":"https:\/\/xn--fechten-in-rsrath-b0b.de\/?p=309","title":{"rendered":"2019-09-12_Grillfest zur Er\u00f6ffnung der Saison"},"content":{"rendered":"\n<p>Wie auch im Vorjahr fand wieder eine Saisoner\u00f6ffnung statt. Bei W\u00fcrstchen und mitgebrachten Salaten wurde gemeinsam die neue Saison eingeleitet und \u00fcber die aktuellen Entwicklungen gesprochen. Wir freuen uns schon auf n\u00e4chste Jahr.<\/p>\n","protected":false},"excerpt":{"rendered":"<p>Wie auch im Vorjahr fand wieder eine Saisoner\u00f6ffnung statt. Bei W\u00fcrstchen und mitgebrachten Salaten wurde&#8230;<\/p>\n","protected":false},"author":1,"featured_media":288,"comment_status":"open","ping_status":"open","sticky":false,"template":"","format":"standard","meta":{"footnotes":""},"categories":[1],"tags":[],"class_list":["post-309","post","type-post","status-publish","format-standard","has-post-thumbnail","hentry","category-allgemeines"],"_links":{"self":[{"href":"https:\/\/xn--fechten-in-rsrath-b0b.de\/index.php?rest_route=\/wp\/v2\/posts\/309","targetHints":{"allow":["GET"]}}],"collection":[{"href":"https:\/\/xn--fechten-in-rsrath-b0b.de\/index.php?rest_route=\/wp\/v2\/posts"}],"about":[{"href":"https:\/\/xn--fechten-in-rsrath-b0b.de\/index.php?rest_route=\/wp\/v2\/types\/post"}],"author":[{"embeddable":true,"href":"https:\/\/xn--fechten-in-rsrath-b0b.de\/index.php?rest_route=\/wp\/v2\/users\/1"}],"replies":[{"embeddable":true,"href":"https:\/\/xn--fechten-in-rsrath-b0b.de\/index.php?rest_route=%2Fwp%2Fv2%2Fcomments&post=309"}],"version-history":[{"count":1,"href":"https:\/\/xn--fechten-in-rsrath-b0b.de\/index.php?rest_route=\/wp\/v2\/posts\/309\/revisions"}],"predecessor-version":[{"id":310,"href":"https:\/\/xn--fechten-in-rsrath-b0b.de\/index.php?rest_route=\/wp\/v2\/posts\/309\/revisions\/310"}],"wp:featuredmedia":[{"embeddable":true,"href":"https:\/\/xn--fechten-in-rsrath-b0b.de\/index.php?rest_route=\/wp\/v2\/media\/288"}],"wp:attachment":[{"href":"https:\/\/xn--fechten-in-rsrath-b0b.de\/index.php?rest_route=%2Fwp%2Fv2%2Fmedia&parent=309"}],"wp:term":[{"taxonomy":"category","embeddable":true,"href":"https:\/\/xn--fechten-in-rsrath-b0b.de\/index.php?rest_route=%2Fwp%2Fv2%2Fcategories&post=309"},{"taxonomy":"post_tag","embeddable":true,"href":"https:\/\/xn--fechten-in-rsrath-b0b.de\/index.php?rest_route=%2Fwp%2Fv2%2Ftags&post=309"}],"curies":[{"name":"wp","href":"https:\/\/api.w.org\/{rel}","templated":true}]}}