{"id":262,"date":"2019-09-02T20:39:50","date_gmt":"2019-09-02T20:39:50","guid":{"rendered":"http:\/\/xn--fechten-in-rsrath-b0b.de\/?p=262"},"modified":"2019-09-02T20:44:34","modified_gmt":"2019-09-02T20:44:34","slug":"2019-09-01_strassenfest-roesrath-feiert","status":"publish","type":"post","link":"https:\/\/xn--fechten-in-rsrath-b0b.de\/?p=262","title":{"rendered":"2019-09-01_Stra\u00dfenfest &#8222;R\u00f6srath feiert&#8220;"},"content":{"rendered":"\n<p>und wir waren mittendrin. Das von Gemeinsam f\u00fcr R\u00f6srath  traditionell organisierte  Stra\u00dfenfest hatte viel Publikumsverkehr.  Mit unserem Infostand und zwei kleinen Fechtturnieren konnten wir sehr viele Zuschauer begeistern. Das \u00f6ffentliche Fechten war der Besuchermagnet des Stra\u00dfenfestes. Wir konnten viele Kinder f\u00fcr den Fechtsport begeistern. <\/p>\n","protected":false},"excerpt":{"rendered":"<p>2019-09-01_Stra\u00dfenfest &#8222;R\u00f6srath feiert&#8220; und wir waren mittendrin. Das von Gemeinsam f\u00fcr R\u00f6srath  traditionell organisierte  Stra\u00dfenfest hatte viel Publikumsverkehr.  Mit unserem Infostand und zwei kleinen Fechtturnieren konnten wir sehr viele Zuschauer begeistern. Das \u00f6ffentliche Fechten war der Besuchermagnet des Stra\u00dfenfestes. Wir konnten viele Kinder f\u00fcr den Fechtsport begeistern.<\/p>\n","protected":false},"author":1,"featured_media":263,"comment_status":"open","ping_status":"open","sticky":false,"template":"","format":"standard","meta":{"footnotes":""},"categories":[3],"tags":[],"class_list":["post-262","post","type-post","status-publish","format-standard","has-post-thumbnail","hentry","category-bfcr"],"_links":{"self":[{"href":"https:\/\/xn--fechten-in-rsrath-b0b.de\/index.php?rest_route=\/wp\/v2\/posts\/262","targetHints":{"allow":["GET"]}}],"collection":[{"href":"https:\/\/xn--fechten-in-rsrath-b0b.de\/index.php?rest_route=\/wp\/v2\/posts"}],"about":[{"href":"https:\/\/xn--fechten-in-rsrath-b0b.de\/index.php?rest_route=\/wp\/v2\/types\/post"}],"author":[{"embeddable":true,"href":"https:\/\/xn--fechten-in-rsrath-b0b.de\/index.php?rest_route=\/wp\/v2\/users\/1"}],"replies":[{"embeddable":true,"href":"https:\/\/xn--fechten-in-rsrath-b0b.de\/index.php?rest_route=%2Fwp%2Fv2%2Fcomments&post=262"}],"version-history":[{"count":3,"href":"https:\/\/xn--fechten-in-rsrath-b0b.de\/index.php?rest_route=\/wp\/v2\/posts\/262\/revisions"}],"predecessor-version":[{"id":267,"href":"https:\/\/xn--fechten-in-rsrath-b0b.de\/index.php?rest_route=\/wp\/v2\/posts\/262\/revisions\/267"}],"wp:featuredmedia":[{"embeddable":true,"href":"https:\/\/xn--fechten-in-rsrath-b0b.de\/index.php?rest_route=\/wp\/v2\/media\/263"}],"wp:attachment":[{"href":"https:\/\/xn--fechten-in-rsrath-b0b.de\/index.php?rest_route=%2Fwp%2Fv2%2Fmedia&parent=262"}],"wp:term":[{"taxonomy":"category","embeddable":true,"href":"https:\/\/xn--fechten-in-rsrath-b0b.de\/index.php?rest_route=%2Fwp%2Fv2%2Fcategories&post=262"},{"taxonomy":"post_tag","embeddable":true,"href":"https:\/\/xn--fechten-in-rsrath-b0b.de\/index.php?rest_route=%2Fwp%2Fv2%2Ftags&post=262"}],"curies":[{"name":"wp","href":"https:\/\/api.w.org\/{rel}","templated":true}]}}